{"id":3636,"date":"2022-10-07T09:35:14","date_gmt":"2022-10-07T07:35:14","guid":{"rendered":"https:\/\/www.grandparquet.com\/2022\/10\/07\/convention-financiere-du-grand-parquet\/"},"modified":"2022-10-11T18:01:22","modified_gmt":"2022-10-11T16:01:22","slug":"convention-financiere-du-grand-parquet","status":"publish","type":"post","link":"https:\/\/www.grandparquet.com\/en\/2022\/10\/07\/convention-financiere-du-grand-parquet\/","title":{"rendered":"Convention financi\u00e8re du Grand Parquet"},"content":{"rendered":"<div class=\"xdj266r x11i5rnm xat24cr x1mh8g0r x1vvkbs x126k92a\">\n<h3 dir=\"auto\" style=\"text-align: center;\"><strong>Signature de la convention financi\u00e8re pour le soutien au Grand Parquet !<br \/>\n<\/strong><\/h3>\n<p>&nbsp;<\/p>\n<div dir=\"auto\">Le Grand Parquet a entam\u00e9 une v\u00e9ritable mutation depuis 2018, mettant ses terrains aux normes pour l&#8217;accueil des comp\u00e9titions internationales et favorisant l&#8217;accueil de grands organisateurs par des infrastructures modernes et flexibles.<\/div>\n<div dir=\"auto\">D\u00e9but 2022, la phase, dite 3, a \u00e9t\u00e9 enclench\u00e9e afin :<\/div>\n<div dir=\"auto\"><span class=\"x3nfvp2 x1j61x8r x1fcty0u xdj266r xhhsvwb xat24cr xgzva0m xxymvpz xlup9mm x1kky2od\"><img decoding=\"async\" loading=\"lazy\" src=\"https:\/\/static.xx.fbcdn.net\/images\/emoji.php\/v9\/tcb\/1.5\/16\/1f538.png\" alt=\"\ud83d\udd38\" width=\"16\" height=\"16\" \/><\/span> d&#8217;accueillir un plus grand nombre de boxes d\u00e9montables,<\/div>\n<div dir=\"auto\"><span class=\"x3nfvp2 x1j61x8r x1fcty0u xdj266r xhhsvwb xat24cr xgzva0m xxymvpz xlup9mm x1kky2od\"><img decoding=\"async\" loading=\"lazy\" src=\"https:\/\/static.xx.fbcdn.net\/images\/emoji.php\/v9\/t4c\/1.5\/16\/1f539.png\" alt=\"\ud83d\udd39\" width=\"16\" height=\"16\" \/><\/span> de remettre en \u00e9tat le parking poids lourds,<\/div>\n<div dir=\"auto\"><span class=\"x3nfvp2 x1j61x8r x1fcty0u xdj266r xhhsvwb xat24cr xgzva0m xxymvpz xlup9mm x1kky2od\"><img decoding=\"async\" loading=\"lazy\" src=\"https:\/\/static.xx.fbcdn.net\/images\/emoji.php\/v9\/tcb\/1.5\/16\/1f538.png\" alt=\"\ud83d\udd38\" width=\"16\" height=\"16\" \/><\/span> de restaurer les gradins du Spring Garden,<\/div>\n<div dir=\"auto\"><span class=\"x3nfvp2 x1j61x8r x1fcty0u xdj266r xhhsvwb xat24cr xgzva0m xxymvpz xlup9mm x1kky2od\"><img decoding=\"async\" loading=\"lazy\" src=\"https:\/\/static.xx.fbcdn.net\/images\/emoji.php\/v9\/t4c\/1.5\/16\/1f539.png\" alt=\"\ud83d\udd39\" width=\"16\" height=\"16\" \/><\/span> de changer la cabane de jury du Petit Parquet,<\/div>\n<div dir=\"auto\"><span class=\"x3nfvp2 x1j61x8r x1fcty0u xdj266r xhhsvwb xat24cr xgzva0m xxymvpz xlup9mm x1kky2od\"><img decoding=\"async\" loading=\"lazy\" src=\"https:\/\/static.xx.fbcdn.net\/images\/emoji.php\/v9\/t29\/1.5\/16\/1f327.png\" alt=\"\ud83c\udf27\" width=\"16\" height=\"16\" \/><\/span>de construire des ouvrages de gestion des eaux pluviales,<\/div>\n<div dir=\"auto\"><span class=\"x3nfvp2 x1j61x8r x1fcty0u xdj266r xhhsvwb xat24cr xgzva0m xxymvpz xlup9mm x1kky2od\"><img decoding=\"async\" loading=\"lazy\" src=\"https:\/\/static.xx.fbcdn.net\/images\/emoji.php\/v9\/t83\/1.5\/16\/267f.png\" alt=\"\u267f\ufe0f\" width=\"16\" height=\"16\" \/><\/span> et de cr\u00e9er des places de stationnement PMR,<\/div>\n<div dir=\"auto\"><\/div>\n<\/div>\n<div class=\"x11i5rnm xat24cr x1mh8g0r x1vvkbs xtlvy1s x126k92a\">\n<div dir=\"auto\">Ces travaux, comme ceux du pass\u00e9, du pr\u00e9sent et de l&#8217;avenir, se font gr\u00e2ce au subventionnement et notamment \u00e0 l&#8217;implication de partenaires forts comme la R\u00e9gion \u00cele-de-France.<\/div>\n<div dir=\"auto\">Patrick KARAM, Vice-pr\u00e9sident de la R\u00e9gion \u00cele-de-France, au titre de sa d\u00e9l\u00e9gation aux Sports et Jeux olympiques et paralympiques, est venu ce jeudi matin signer la convention de financement avec l&#8217;agglom\u00e9ration et apporter un ch\u00e8que de 150 000 \u20ac.<\/div>\n<div dir=\"auto\">Pascal GOUHOURY, Pr\u00e9sident de l&#8217;Agglom\u00e9ration, a re\u00e7u la d\u00e9l\u00e9gation r\u00e9gionale et les \u00e9lus locaux au Grand Parquet, qui accueille actuellement le Championnat du monde militaire d&#8217;\u00e9quitation.<\/div>\n<div dir=\"auto\"><\/div>\n<div dir=\"auto\">\n<p>Ce site \u00e9v\u00e9nementiel intercommunal continue sa mont\u00e9e en puissance, les travaux de longue haleine portent leurs fruits.<\/p>\n<\/div>\n<\/div>\n<h6 dir=\"auto\"><strong>&#8211; Article de la Communaut\u00e9 d&#8217;Agglom\u00e9ration du Pays de Fontainebleau<\/strong><\/h6>\n<p>&nbsp;<\/p>\n<div dir=\"auto\">\n<div id='gallery-1' class='gallery galleryid-3636 gallery-columns-3 gallery-size-large'><figure class='gallery-item'>\n\t\t\t<div class='gallery-icon landscape'>\n\t\t\t\t<a href='https:\/\/www.grandparquet.com\/wp-content\/uploads\/2022\/10\/310742238_421892823434561_6571397896384355052_n.jpg'><img width=\"1024\" height=\"768\" src=\"https:\/\/www.grandparquet.com\/wp-content\/uploads\/2022\/10\/310742238_421892823434561_6571397896384355052_n-1024x768.jpg\" class=\"attachment-large size-large\" alt=\"\" decoding=\"async\" loading=\"lazy\" srcset=\"https:\/\/www.grandparquet.com\/wp-content\/uploads\/2022\/10\/310742238_421892823434561_6571397896384355052_n-1024x768.jpg 1024w, https:\/\/www.grandparquet.com\/wp-content\/uploads\/2022\/10\/310742238_421892823434561_6571397896384355052_n-300x225.jpg 300w, https:\/\/www.grandparquet.com\/wp-content\/uploads\/2022\/10\/310742238_421892823434561_6571397896384355052_n-768x576.jpg 768w, https:\/\/www.grandparquet.com\/wp-content\/uploads\/2022\/10\/310742238_421892823434561_6571397896384355052_n-1536x1152.jpg 1536w, https:\/\/www.grandparquet.com\/wp-content\/uploads\/2022\/10\/310742238_421892823434561_6571397896384355052_n.jpg 2048w\" sizes=\"(max-width: 1024px) 100vw, 1024px\" \/><\/a>\n\t\t\t<\/div><\/figure><figure class='gallery-item'>\n\t\t\t<div class='gallery-icon landscape'>\n\t\t\t\t<a href='https:\/\/www.grandparquet.com\/wp-content\/uploads\/2022\/10\/311015848_421892880101222_3227240862549461794_n.jpg'><img width=\"1024\" height=\"683\" src=\"https:\/\/www.grandparquet.com\/wp-content\/uploads\/2022\/10\/311015848_421892880101222_3227240862549461794_n-1024x683.jpg\" class=\"attachment-large size-large\" alt=\"\" decoding=\"async\" loading=\"lazy\" srcset=\"https:\/\/www.grandparquet.com\/wp-content\/uploads\/2022\/10\/311015848_421892880101222_3227240862549461794_n-1024x683.jpg 1024w, https:\/\/www.grandparquet.com\/wp-content\/uploads\/2022\/10\/311015848_421892880101222_3227240862549461794_n-300x200.jpg 300w, https:\/\/www.grandparquet.com\/wp-content\/uploads\/2022\/10\/311015848_421892880101222_3227240862549461794_n-768x512.jpg 768w, https:\/\/www.grandparquet.com\/wp-content\/uploads\/2022\/10\/311015848_421892880101222_3227240862549461794_n-1536x1024.jpg 1536w, https:\/\/www.grandparquet.com\/wp-content\/uploads\/2022\/10\/311015848_421892880101222_3227240862549461794_n.jpg 2048w\" sizes=\"(max-width: 1024px) 100vw, 1024px\" \/><\/a>\n\t\t\t<\/div><\/figure><figure class='gallery-item'>\n\t\t\t<div class='gallery-icon landscape'>\n\t\t\t\t<a href='https:\/\/www.grandparquet.com\/wp-content\/uploads\/2022\/10\/311066725_421892826767894_2783696579099978320_n.jpg'><img width=\"1024\" height=\"683\" src=\"https:\/\/www.grandparquet.com\/wp-content\/uploads\/2022\/10\/311066725_421892826767894_2783696579099978320_n-1024x683.jpg\" class=\"attachment-large size-large\" alt=\"\" decoding=\"async\" loading=\"lazy\" srcset=\"https:\/\/www.grandparquet.com\/wp-content\/uploads\/2022\/10\/311066725_421892826767894_2783696579099978320_n-1024x683.jpg 1024w, https:\/\/www.grandparquet.com\/wp-content\/uploads\/2022\/10\/311066725_421892826767894_2783696579099978320_n-300x200.jpg 300w, https:\/\/www.grandparquet.com\/wp-content\/uploads\/2022\/10\/311066725_421892826767894_2783696579099978320_n-768x512.jpg 768w, https:\/\/www.grandparquet.com\/wp-content\/uploads\/2022\/10\/311066725_421892826767894_2783696579099978320_n-1536x1024.jpg 1536w, https:\/\/www.grandparquet.com\/wp-content\/uploads\/2022\/10\/311066725_421892826767894_2783696579099978320_n.jpg 2048w\" sizes=\"(max-width: 1024px) 100vw, 1024px\" \/><\/a>\n\t\t\t<\/div><\/figure>\n\t\t<\/div>\n\n<\/div>\n","protected":false},"excerpt":{"rendered":"<p>Signature de la convention financi\u00e8re pour le soutien au Grand Parquet ! &nbsp; Le Grand Parquet a entam\u00e9 une v\u00e9ritable&hellip;<\/p>\n","protected":false},"author":4,"featured_media":3537,"comment_status":"closed","ping_status":"open","sticky":false,"template":"","format":"standard","meta":{"footnotes":""},"categories":[88],"tags":[],"_links":{"self":[{"href":"https:\/\/www.grandparquet.com\/en\/wp-json\/wp\/v2\/posts\/3636"}],"collection":[{"href":"https:\/\/www.grandparquet.com\/en\/wp-json\/wp\/v2\/posts"}],"about":[{"href":"https:\/\/www.grandparquet.com\/en\/wp-json\/wp\/v2\/types\/post"}],"author":[{"embeddable":true,"href":"https:\/\/www.grandparquet.com\/en\/wp-json\/wp\/v2\/users\/4"}],"replies":[{"embeddable":true,"href":"https:\/\/www.grandparquet.com\/en\/wp-json\/wp\/v2\/comments?post=3636"}],"version-history":[{"count":1,"href":"https:\/\/www.grandparquet.com\/en\/wp-json\/wp\/v2\/posts\/3636\/revisions"}],"predecessor-version":[{"id":3637,"href":"https:\/\/www.grandparquet.com\/en\/wp-json\/wp\/v2\/posts\/3636\/revisions\/3637"}],"wp:featuredmedia":[{"embeddable":true,"href":"https:\/\/www.grandparquet.com\/en\/wp-json\/wp\/v2\/media\/3537"}],"wp:attachment":[{"href":"https:\/\/www.grandparquet.com\/en\/wp-json\/wp\/v2\/media?parent=3636"}],"wp:term":[{"taxonomy":"category","embeddable":true,"href":"https:\/\/www.grandparquet.com\/en\/wp-json\/wp\/v2\/categories?post=3636"},{"taxonomy":"post_tag","embeddable":true,"href":"https:\/\/www.grandparquet.com\/en\/wp-json\/wp\/v2\/tags?post=3636"}],"curies":[{"name":"wp","href":"https:\/\/api.w.org\/{rel}","templated":true}]}}